{"document_id": 1912485, "version": 1, "locales": [{"version": 1, "lang": "fr", "title": "Espig\u00fcete", "description": null, "summary": null, "external_resources": null, "topic_id": null}], "geometry": {"version": 1, "geom": "{\"type\": \"Point\", \"coordinates\": [-533903.262206, 5303540.545196]}"}, "quality": "draft", "waypoint_type": "summit", "elevation": 2451, "prominence": null, "maps_info": null, "available_langs": ["fr"], "associations": {"waypoints": [], "waypoint_children": [], "images": [], "articles": [], "books": [], "xreports": [], "recent_outings": {"documents": [{"document_id": 1941717, "version": 1, "locales": [{"version": 1, "lang": "fr", "title": "Espig\u00fcete : Face S (voie normale)", "summary": null}], "geometry": {"version": 1, "geom": "{\"type\": \"Point\", \"coordinates\": [-533903.262206, 5303540.545196]}", "has_geom_detail": true}, "quality": "fine", "activities": ["hiking"], "condition_rating": "excellent", "date_end": "2026-08-18", "date_start": "2026-08-18", "elevation_max": 2451, "height_diff_up": 1100, "public_transport": false, "hiking_rating": "T3", "available_langs": ["fr"], "areas": [{"document_id": 14267, "version": 13, "locales": [{"version": 1, "lang": "zh", "title": "\u897f\u73ed\u7259"}, {"version": 1, "lang": "sl", "title": "\u0160panija"}, {"version": 4, "lang": "ca", "title": "Espa\u00f1a"}, {"version": 1, "lang": "de", "title": "Spanien"}, {"version": 1, "lang": "en", "title": "Spain"}, {"version": 1, "lang": "es", "title": "Espa\u00f1a"}, {"version": 1, "lang": "eu", "title": "Espainia"}, {"version": 4, "lang": "fr", "title": "Espagne"}, {"version": 1, "lang": "it", "title": "Spagna"}], "area_type": "country", "available_langs": null, "protected": false, "type": "a"}, {"document_id": 14471, "version": 4, "locales": [{"version": 1, "lang": "en", "title": "Picos de Europa - Cordillera Cant\u00e1brica"}, {"version": 1, "lang": "es", "title": "Picos de Europa - Cordillera Cant\u00e1brica"}, {"version": 5, "lang": "fr", "title": "Picos de Europa - Cordill\u00e8re Cantabrique"}], "area_type": "range", "available_langs": null, "protected": false, "type": "a"}, {"document_id": 279956, "version": 1, "locales": [{"version": 1, "lang": "ca", "title": "Prov\u00edncia de Pal\u00e8ncia"}, {"version": 1, "lang": "es", "title": "Provincia de Palencia"}, {"version": 1, "lang": "eu", "title": "Palentziako probintzia"}, {"version": 1, "lang": "fr", "title": "Province de Palencia"}], "area_type": "admin_limits", "available_langs": null, "protected": false, "type": "a"}], "author": {"name": "Fabien Qu\u00e9tier", "user_id": 12542}, "protected": false, "type": "o", "img_count": 7}], "total": 1}, "all_routes": {"documents": [{"document_id": 1941675, "version": 1, "locales": [{"version": 1, "lang": "fr", "title": "Face S (voie normale)", "summary": "Sommet embl\u00e9matique de la province de Palencia, l'Espigu\u00ebte est une pyramide de calcaire isol\u00e9e, et visible de loin. Sa face S est assez p\u00e9nible \u00e0 monter et \u00e0 descendre (en \u00e9t\u00e9), mais c'est la voie la plue facile.", "title_prefix": "Espig\u00fcete"}], "geometry": {"version": 1, "geom": "{\"type\": \"Point\", \"coordinates\": [-533903.262206, 5303540.545196]}", "has_geom_detail": false}, "quality": "draft", "activities": ["hiking", "snow_ice_mixed"], "elevation_min": null, "elevation_max": 2451, "height_diff_up": 1100, "height_diff_down": 1100, "durations": ["1"], "calculated_duration": 0.281944444444444, "height_diff_difficulties": 450, "orientations": ["S"], "global_rating": "F", "engagement_rating": "I", "risk_rating": "X1", "equipment_rating": "P4+", "ice_rating": null, "mixed_rating": null, "hiking_rating": "T3", "hiking_mtb_exposition": "E2", "public_transportation_rating": "unknown service", "available_langs": ["fr"], "areas": [{"document_id": 14267, "version": 13, "locales": [{"version": 1, "lang": "zh", "title": "\u897f\u73ed\u7259"}, {"version": 1, "lang": "sl", "title": "\u0160panija"}, {"version": 4, "lang": "ca", "title": "Espa\u00f1a"}, {"version": 1, "lang": "de", "title": "Spanien"}, {"version": 1, "lang": "en", "title": "Spain"}, {"version": 1, "lang": "es", "title": "Espa\u00f1a"}, {"version": 1, "lang": "eu", "title": "Espainia"}, {"version": 4, "lang": "fr", "title": "Espagne"}, {"version": 1, "lang": "it", "title": "Spagna"}], "area_type": "country", "available_langs": null, "protected": false, "type": "a"}, {"document_id": 14471, "version": 4, "locales": [{"version": 1, "lang": "en", "title": "Picos de Europa - Cordillera Cant\u00e1brica"}, {"version": 1, "lang": "es", "title": "Picos de Europa - Cordillera Cant\u00e1brica"}, {"version": 5, "lang": "fr", "title": "Picos de Europa - Cordill\u00e8re Cantabrique"}], "area_type": "range", "available_langs": null, "protected": false, "type": "a"}, {"document_id": 279956, "version": 1, "locales": [{"version": 1, "lang": "ca", "title": "Prov\u00edncia de Pal\u00e8ncia"}, {"version": 1, "lang": "es", "title": "Provincia de Palencia"}, {"version": 1, "lang": "eu", "title": "Palentziako probintzia"}, {"version": 1, "lang": "fr", "title": "Province de Palencia"}], "area_type": "admin_limits", "available_langs": null, "protected": false, "type": "a"}], "protected": false, "type": "r"}], "total": 1}}, "maps": [], "areas": [{"document_id": 14267, "version": 13, "locales": [{"version": 1, "lang": "zh", "title": "\u897f\u73ed\u7259"}, {"version": 1, "lang": "sl", "title": "\u0160panija"}, {"version": 4, "lang": "ca", "title": "Espa\u00f1a"}, {"version": 1, "lang": "de", "title": "Spanien"}, {"version": 1, "lang": "en", "title": "Spain"}, {"version": 1, "lang": "es", "title": "Espa\u00f1a"}, {"version": 1, "lang": "eu", "title": "Espainia"}, {"version": 4, "lang": "fr", "title": "Espagne"}, {"version": 1, "lang": "it", "title": "Spagna"}], "area_type": "country", "available_langs": null, "protected": false, "type": "a"}, {"document_id": 14471, "version": 4, "locales": [{"version": 1, "lang": "en", "title": "Picos de Europa - Cordillera Cant\u00e1brica"}, {"version": 1, "lang": "es", "title": "Picos de Europa - Cordillera Cant\u00e1brica"}, {"version": 5, "lang": "fr", "title": "Picos de Europa - Cordill\u00e8re Cantabrique"}], "area_type": "range", "available_langs": null, "protected": false, "type": "a"}, {"document_id": 279956, "version": 1, "locales": [{"version": 1, "lang": "ca", "title": "Prov\u00edncia de Pal\u00e8ncia"}, {"version": 1, "lang": "es", "title": "Provincia de Palencia"}, {"version": 1, "lang": "eu", "title": "Palentziako probintzia"}, {"version": 1, "lang": "fr", "title": "Province de Palencia"}], "area_type": "admin_limits", "available_langs": null, "protected": false, "type": "a"}], "protected": false, "type": "w"}