{"documents": [{"document_id": 1525502, "version": 4, "locales": [{"version": 4, "lang": "fr", "title": "Locura Transitoria", "summary": "\"Folie passag\u00e8re\" dit le nom de cette voie.\nUne voie r\u00e9cente de fresnidiellu tr\u00e8s peu fr\u00e9quent\u00e9e et pour cause.", "title_prefix": "Pe\u00f1a del Fresnidiello"}], "geometry": {"version": 1, "geom": "{\"type\": \"Point\", \"coordinates\": [-530647.343259, 5345788.328707]}", "has_geom_detail": false}, "quality": "medium", "activities": ["rock_climbing"], "elevation_min": null, "elevation_max": null, "height_diff_up": null, "height_diff_down": null, "durations": ["1"], "calculated_duration": null, "height_diff_difficulties": 200, "orientations": ["E"], "global_rating": "TD", "engagement_rating": null, "risk_rating": null, "equipment_rating": "P1+", "exposition_rock_rating": "E3", "rock_free_rating": "6a", "rock_required_rating": null, "aid_rating": null, "climbing_outdoor_type": "multi", "public_transportation_rating": null, "available_langs": ["fr"], "areas": [{"document_id": 14267, "version": 13, "locales": [{"version": 1, "lang": "zh", "title": "\u897f\u73ed\u7259"}, {"version": 1, "lang": "sl", "title": "\u0160panija"}, {"version": 4, "lang": "ca", "title": "Espa\u00f1a"}, {"version": 1, "lang": "de", "title": "Spanien"}, {"version": 1, "lang": "en", "title": "Spain"}, {"version": 1, "lang": "es", "title": "Espa\u00f1a"}, {"version": 1, "lang": "eu", "title": "Espainia"}, {"version": 4, "lang": "fr", "title": "Espagne"}, {"version": 1, "lang": "it", "title": "Spagna"}], "area_type": "country", "available_langs": null, "protected": false, "type": "a"}, {"document_id": 14471, "version": 4, "locales": [{"version": 1, "lang": "en", "title": "Picos de Europa - Cordillera Cant\u00e1brica"}, {"version": 1, "lang": "es", "title": "Picos de Europa - Cordillera Cant\u00e1brica"}, {"version": 5, "lang": "fr", "title": "Picos de Europa - Cordill\u00e8re Cantabrique"}], "area_type": "range", "available_langs": null, "protected": false, "type": "a"}, {"document_id": 279926, "version": 1, "locales": [{"version": 1, "lang": "ca", "title": "Ast\u00faries"}, {"version": 1, "lang": "es", "title": "Principado de Asturias"}, {"version": 1, "lang": "eu", "title": "Asturiasko Printzerria"}, {"version": 1, "lang": "fr", "title": "Asturies"}], "area_type": "admin_limits", "available_langs": null, "protected": false, "type": "a"}], "protected": false, "type": "r"}, {"document_id": 1351996, "version": 1, "locales": [{"version": 4, "lang": "es", "title": "el demonio de la garma", "summary": "V\u00eda de 2 largos verticales", "title_prefix": "Pene Robre"}, {"version": 2, "lang": "fr", "title": "El demonio de la Garma", "summary": "Voie de 2 longueurs raides", "title_prefix": "Pene Robre"}], "geometry": {"version": 1, "geom": "{\"type\": \"Point\", \"coordinates\": [-528625.838727, 5343946.522613]}", "has_geom_detail": false}, "quality": "draft", "activities": ["rock_climbing"], "elevation_min": null, "elevation_max": null, "height_diff_up": null, "height_diff_down": null, "durations": [], "calculated_duration": null, "height_diff_difficulties": null, "orientations": ["W"], "global_rating": "TD+", "engagement_rating": null, "risk_rating": null, "equipment_rating": "P2", "exposition_rock_rating": null, "rock_free_rating": "6c+", "rock_required_rating": null, "aid_rating": null, "climbing_outdoor_type": "multi", "public_transportation_rating": null, "available_langs": ["es", "fr"], "areas": [{"document_id": 14267, "version": 13, "locales": [{"version": 1, "lang": "zh", "title": "\u897f\u73ed\u7259"}, {"version": 1, "lang": "sl", "title": "\u0160panija"}, {"version": 4, "lang": "ca", "title": "Espa\u00f1a"}, {"version": 1, "lang": "de", "title": "Spanien"}, {"version": 1, "lang": "en", "title": "Spain"}, {"version": 1, "lang": "es", "title": "Espa\u00f1a"}, {"version": 1, "lang": "eu", "title": "Espainia"}, {"version": 4, "lang": "fr", "title": "Espagne"}, {"version": 1, "lang": "it", "title": "Spagna"}], "area_type": "country", "available_langs": null, "protected": false, "type": "a"}, {"document_id": 14471, "version": 4, "locales": [{"version": 1, "lang": "en", "title": "Picos de Europa - Cordillera Cant\u00e1brica"}, {"version": 1, "lang": "es", "title": "Picos de Europa - Cordillera Cant\u00e1brica"}, {"version": 5, "lang": "fr", "title": "Picos de Europa - Cordill\u00e8re Cantabrique"}], "area_type": "range", "available_langs": null, "protected": false, "type": "a"}, {"document_id": 279926, "version": 1, "locales": [{"version": 1, "lang": "ca", "title": "Ast\u00faries"}, {"version": 1, "lang": "es", "title": "Principado de Asturias"}, {"version": 1, "lang": "eu", "title": "Asturiasko Printzerria"}, {"version": 1, "lang": "fr", "title": "Asturies"}], "area_type": "admin_limits", "available_langs": null, "protected": false, "type": "a"}], "protected": false, "type": "r"}, {"document_id": 1351993, "version": 2, "locales": [{"version": 4, "lang": "es", "title": "aguja carmucha - espolon Superkraken", "summary": "V\u00eda en el espol\u00f3n evidente a la izquierda (S) de la Pe\u00f1a Fresnidiellu, poco repetida", "title_prefix": "La Pe\u00f1e Fresnidiellu"}, {"version": 4, "lang": "fr", "title": "Aguja Carmucha - Espolon Superkraken", "summary": "Voie sur l'\u00e9peron \u00e9vident \u00e0 gauche (S) de la Pe\u00f1a Fresnidiellu, peu r\u00e9p\u00e9t\u00e9e.", "title_prefix": "Pe\u00f1a del Fresnidiello"}], "geometry": {"version": 1, "geom": "{\"type\": \"Point\", \"coordinates\": [-530647.343259, 5345788.328707]}", "has_geom_detail": false}, "quality": "draft", "activities": ["rock_climbing"], "elevation_min": null, "elevation_max": null, "height_diff_up": null, "height_diff_down": null, "durations": ["1"], "calculated_duration": null, "height_diff_difficulties": null, "orientations": ["NE"], "global_rating": "TD+", "engagement_rating": null, "risk_rating": null, "equipment_rating": "P2", "exposition_rock_rating": null, "rock_free_rating": "6b+", "rock_required_rating": null, "aid_rating": null, "climbing_outdoor_type": "multi", "public_transportation_rating": null, "available_langs": ["es", "fr"], "areas": [{"document_id": 14267, "version": 13, "locales": [{"version": 1, "lang": "zh", "title": "\u897f\u73ed\u7259"}, {"version": 1, "lang": "sl", "title": "\u0160panija"}, {"version": 4, "lang": "ca", "title": "Espa\u00f1a"}, {"version": 1, "lang": "de", "title": "Spanien"}, {"version": 1, "lang": "en", "title": "Spain"}, {"version": 1, "lang": "es", "title": "Espa\u00f1a"}, {"version": 1, "lang": "eu", "title": "Espainia"}, {"version": 4, "lang": "fr", "title": "Espagne"}, {"version": 1, "lang": "it", "title": "Spagna"}], "area_type": "country", "available_langs": null, "protected": false, "type": "a"}, {"document_id": 14471, "version": 4, "locales": [{"version": 1, "lang": "en", "title": "Picos de Europa - Cordillera Cant\u00e1brica"}, {"version": 1, "lang": "es", "title": "Picos de Europa - Cordillera Cant\u00e1brica"}, {"version": 5, "lang": "fr", "title": "Picos de Europa - Cordill\u00e8re Cantabrique"}], "area_type": "range", "available_langs": null, "protected": false, "type": "a"}, {"document_id": 279926, "version": 1, "locales": [{"version": 1, "lang": "ca", "title": "Ast\u00faries"}, {"version": 1, "lang": "es", "title": "Principado de Asturias"}, {"version": 1, "lang": "eu", "title": "Asturiasko Printzerria"}, {"version": 1, "lang": "fr", "title": "Asturies"}], "area_type": "admin_limits", "available_langs": null, "protected": false, "type": "a"}], "protected": false, "type": "r"}, {"document_id": 1351992, "version": 2, "locales": [{"version": 3, "lang": "es", "title": "Xana", "summary": "V\u00eda f\u00e1cil a la derecha de Xana", "title_prefix": "Cueto Pampin"}, {"version": 2, "lang": "fr", "title": "Dia tropical", "summary": "Voie facile \u00e0 droite de Xana", "title_prefix": "Cueto Pampin"}], "geometry": {"version": 1, "geom": "{\"type\": \"Point\", \"coordinates\": [-530551.576989, 5346175.304535]}", "has_geom_detail": false}, "quality": "medium", "activities": ["rock_climbing"], "elevation_min": null, "elevation_max": null, "height_diff_up": null, "height_diff_down": null, "durations": [], "calculated_duration": null, "height_diff_difficulties": null, "orientations": ["SE"], "global_rating": "D-", "engagement_rating": null, "risk_rating": null, "equipment_rating": null, "exposition_rock_rating": null, "rock_free_rating": "5b", "rock_required_rating": null, "aid_rating": null, "climbing_outdoor_type": "multi", "public_transportation_rating": null, "available_langs": ["es", "fr"], "areas": [{"document_id": 14267, "version": 13, "locales": [{"version": 1, "lang": "zh", "title": "\u897f\u73ed\u7259"}, {"version": 1, "lang": "sl", "title": "\u0160panija"}, {"version": 4, "lang": "ca", "title": "Espa\u00f1a"}, {"version": 1, "lang": "de", "title": "Spanien"}, {"version": 1, "lang": "en", "title": "Spain"}, {"version": 1, "lang": "es", "title": "Espa\u00f1a"}, {"version": 1, "lang": "eu", "title": "Espainia"}, {"version": 4, "lang": "fr", "title": "Espagne"}, {"version": 1, "lang": "it", "title": "Spagna"}], "area_type": "country", "available_langs": null, "protected": false, "type": "a"}, {"document_id": 14471, "version": 4, "locales": [{"version": 1, "lang": "en", "title": "Picos de Europa - Cordillera Cant\u00e1brica"}, {"version": 1, "lang": "es", "title": "Picos de Europa - Cordillera Cant\u00e1brica"}, {"version": 5, "lang": "fr", "title": "Picos de Europa - Cordill\u00e8re Cantabrique"}], "area_type": "range", "available_langs": null, "protected": false, "type": "a"}, {"document_id": 279926, "version": 1, "locales": [{"version": 1, "lang": "ca", "title": "Ast\u00faries"}, {"version": 1, "lang": "es", "title": "Principado de Asturias"}, {"version": 1, "lang": "eu", "title": "Asturiasko Printzerria"}, {"version": 1, "lang": "fr", "title": "Asturies"}], "area_type": "admin_limits", "available_langs": null, "protected": false, "type": "a"}], "protected": false, "type": "r"}, {"document_id": 1351990, "version": 1, "locales": [{"version": 2, "lang": "es", "title": "directa", "summary": null, "title_prefix": "Cueto Pampin"}, {"version": 3, "lang": "fr", "title": "Cueto Pampin : Directa", "summary": null, "title_prefix": "Cueto Pampin"}], "geometry": {"version": 1, "geom": "{\"type\": \"Point\", \"coordinates\": [-530551.576989, 5346175.304535]}", "has_geom_detail": false}, "quality": "draft", "activities": ["rock_climbing"], "elevation_min": null, "elevation_max": null, "height_diff_up": null, "height_diff_down": null, "durations": [], "calculated_duration": null, "height_diff_difficulties": null, "orientations": ["SE"], "global_rating": "TD+", "engagement_rating": null, "risk_rating": null, "equipment_rating": "P2", "exposition_rock_rating": null, "rock_free_rating": "6c+", "rock_required_rating": null, "aid_rating": null, "climbing_outdoor_type": "multi", "public_transportation_rating": null, "available_langs": ["es", "fr"], "areas": [{"document_id": 14267, "version": 13, "locales": [{"version": 1, "lang": "zh", "title": "\u897f\u73ed\u7259"}, {"version": 1, "lang": "sl", "title": "\u0160panija"}, {"version": 4, "lang": "ca", "title": "Espa\u00f1a"}, {"version": 1, "lang": "de", "title": "Spanien"}, {"version": 1, "lang": "en", "title": "Spain"}, {"version": 1, "lang": "es", "title": "Espa\u00f1a"}, {"version": 1, "lang": "eu", "title": "Espainia"}, {"version": 4, "lang": "fr", "title": "Espagne"}, {"version": 1, "lang": "it", "title": "Spagna"}], "area_type": "country", "available_langs": null, "protected": false, "type": "a"}, {"document_id": 14471, "version": 4, "locales": [{"version": 1, "lang": "en", "title": "Picos de Europa - Cordillera Cant\u00e1brica"}, {"version": 1, "lang": "es", "title": "Picos de Europa - Cordillera Cant\u00e1brica"}, {"version": 5, "lang": "fr", "title": "Picos de Europa - Cordill\u00e8re Cantabrique"}], "area_type": "range", "available_langs": null, "protected": false, "type": "a"}, {"document_id": 279926, "version": 1, "locales": [{"version": 1, "lang": "ca", "title": "Ast\u00faries"}, {"version": 1, "lang": "es", "title": "Principado de Asturias"}, {"version": 1, "lang": "eu", "title": "Asturiasko Printzerria"}, {"version": 1, "lang": "fr", "title": "Asturies"}], "area_type": "admin_limits", "available_langs": null, "protected": false, "type": "a"}], "protected": false, "type": "r"}, {"document_id": 1022135, "version": 1, "locales": [{"version": 5, "lang": "es", "title": "cueto Pampin soldados de fortuna", "summary": "Bonita v\u00eda en el filo del espol\u00f3n con pasos expuestos", "title_prefix": "La Pe\u00f1e Fresnidiellu"}, {"version": 4, "lang": "fr", "title": "cueto Pampin soldados de fortuna", "summary": "Belle voie sur le fil de l'\u00e9peron avec des passages bien expos", "title_prefix": "Pe\u00f1a del Fresnidiello"}], "geometry": {"version": 6, "geom": "{\"type\": \"Point\", \"coordinates\": [-530437.3736299495, 5345050.227169728]}", "has_geom_detail": false}, "quality": "fine", "activities": ["rock_climbing"], "elevation_min": null, "elevation_max": 1477, "height_diff_up": null, "height_diff_down": null, "durations": ["1"], "calculated_duration": null, "height_diff_difficulties": 180, "orientations": ["SE"], "global_rating": "TD+", "engagement_rating": null, "risk_rating": null, "equipment_rating": "P2", "exposition_rock_rating": "E3", "rock_free_rating": "6b+", "rock_required_rating": null, "aid_rating": null, "climbing_outdoor_type": "multi", "public_transportation_rating": null, "available_langs": ["es", "fr"], "areas": [{"document_id": 14267, "version": 13, "locales": [{"version": 1, "lang": "zh", "title": "\u897f\u73ed\u7259"}, {"version": 1, "lang": "sl", "title": "\u0160panija"}, {"version": 4, "lang": "ca", "title": "Espa\u00f1a"}, {"version": 1, "lang": "de", "title": "Spanien"}, {"version": 1, "lang": "en", "title": "Spain"}, {"version": 1, "lang": "es", "title": "Espa\u00f1a"}, {"version": 1, "lang": "eu", "title": "Espainia"}, {"version": 4, "lang": "fr", "title": "Espagne"}, {"version": 1, "lang": "it", "title": "Spagna"}], "area_type": "country", "available_langs": null, "protected": false, "type": "a"}, {"document_id": 14471, "version": 4, "locales": [{"version": 1, "lang": "en", "title": "Picos de Europa - Cordillera Cant\u00e1brica"}, {"version": 1, "lang": "es", "title": "Picos de Europa - Cordillera Cant\u00e1brica"}, {"version": 5, "lang": "fr", "title": "Picos de Europa - Cordill\u00e8re Cantabrique"}], "area_type": "range", "available_langs": null, "protected": false, "type": "a"}, {"document_id": 279926, "version": 1, "locales": [{"version": 1, "lang": "ca", "title": "Ast\u00faries"}, {"version": 1, "lang": "es", "title": "Principado de Asturias"}, {"version": 1, "lang": "eu", "title": "Asturiasko Printzerria"}, {"version": 1, "lang": "fr", "title": "Asturies"}], "area_type": "admin_limits", "available_langs": null, "protected": false, "type": "a"}], "protected": false, "type": "r"}, {"document_id": 1002221, "version": 2, "locales": [{"version": 13, "lang": "es", "title": "Los capitanes", "summary": "Una v\u00eda poco famosa y poco concurrida, no muy dura pero expuesta", "title_prefix": "La Pe\u00f1e Fresnidiellu"}, {"version": 5, "lang": "fr", "title": "Los capitanes", "summary": "Une voie peu connue et peu faite, pas tr\u00e8s dure mais assez expo", "title_prefix": "Pe\u00f1a del Fresnidiello"}], "geometry": {"version": 10, "geom": "{\"type\": \"Point\", \"coordinates\": [-530437.3736299495, 5345050.227169728]}", "has_geom_detail": false}, "quality": "draft", "activities": ["rock_climbing"], "elevation_min": null, "elevation_max": 1477, "height_diff_up": null, "height_diff_down": null, "durations": ["1"], "calculated_duration": null, "height_diff_difficulties": 180, "orientations": ["E"], "global_rating": "D+", "engagement_rating": "I", "risk_rating": null, "equipment_rating": "P1+", "exposition_rock_rating": "E2", "rock_free_rating": "6a", "rock_required_rating": null, "aid_rating": null, "climbing_outdoor_type": "multi", "public_transportation_rating": null, "available_langs": ["es", "fr"], "areas": [{"document_id": 14267, "version": 13, "locales": [{"version": 1, "lang": "zh", "title": "\u897f\u73ed\u7259"}, {"version": 1, "lang": "sl", "title": "\u0160panija"}, {"version": 4, "lang": "ca", "title": "Espa\u00f1a"}, {"version": 1, "lang": "de", "title": "Spanien"}, {"version": 1, "lang": "en", "title": "Spain"}, {"version": 1, "lang": "es", "title": "Espa\u00f1a"}, {"version": 1, "lang": "eu", "title": "Espainia"}, {"version": 4, "lang": "fr", "title": "Espagne"}, {"version": 1, "lang": "it", "title": "Spagna"}], "area_type": "country", "available_langs": null, "protected": false, "type": "a"}, {"document_id": 14471, "version": 4, "locales": [{"version": 1, "lang": "en", "title": "Picos de Europa - Cordillera Cant\u00e1brica"}, {"version": 1, "lang": "es", "title": "Picos de Europa - Cordillera Cant\u00e1brica"}, {"version": 5, "lang": "fr", "title": "Picos de Europa - Cordill\u00e8re Cantabrique"}], "area_type": "range", "available_langs": null, "protected": false, "type": "a"}, {"document_id": 279926, "version": 1, "locales": [{"version": 1, "lang": "ca", "title": "Ast\u00faries"}, {"version": 1, "lang": "es", "title": "Principado de Asturias"}, {"version": 1, "lang": "eu", "title": "Asturiasko Printzerria"}, {"version": 1, "lang": "fr", "title": "Asturies"}], "area_type": "admin_limits", "available_langs": null, "protected": false, "type": "a"}], "protected": false, "type": "r"}, {"document_id": 1002122, "version": 1, "locales": [{"version": 5, "lang": "fr", "title": "Cueto Pampin - Xana", "summary": "Une belle voie pour compl\u00e9ter la journ\u00e9e.", "title_prefix": "Pe\u00f1a del Fresnidiello"}], "geometry": {"version": 3, "geom": "{\"type\": \"Point\", \"coordinates\": [-530437.3736299495, 5345050.227169728]}", "has_geom_detail": false}, "quality": "fine", "activities": ["rock_climbing"], "elevation_min": null, "elevation_max": 1477, "height_diff_up": null, "height_diff_down": null, "durations": ["1"], "calculated_duration": null, "height_diff_difficulties": 120, "orientations": ["S"], "global_rating": "TD-", "engagement_rating": "I", "risk_rating": null, "equipment_rating": "P2+", "exposition_rock_rating": "E2", "rock_free_rating": "6a+", "rock_required_rating": "5c+", "aid_rating": null, "climbing_outdoor_type": "multi", "public_transportation_rating": null, "available_langs": ["fr"], "areas": [{"document_id": 14267, "version": 13, "locales": [{"version": 1, "lang": "zh", "title": "\u897f\u73ed\u7259"}, {"version": 1, "lang": "sl", "title": "\u0160panija"}, {"version": 4, "lang": "ca", "title": "Espa\u00f1a"}, {"version": 1, "lang": "de", "title": "Spanien"}, {"version": 1, "lang": "en", "title": "Spain"}, {"version": 1, "lang": "es", "title": "Espa\u00f1a"}, {"version": 1, "lang": "eu", "title": "Espainia"}, {"version": 4, "lang": "fr", "title": "Espagne"}, {"version": 1, "lang": "it", "title": "Spagna"}], "area_type": "country", "available_langs": null, "protected": false, "type": "a"}, {"document_id": 14471, "version": 4, "locales": [{"version": 1, "lang": "en", "title": "Picos de Europa - Cordillera Cant\u00e1brica"}, {"version": 1, "lang": "es", "title": "Picos de Europa - Cordillera Cant\u00e1brica"}, {"version": 5, "lang": "fr", "title": "Picos de Europa - Cordill\u00e8re Cantabrique"}], "area_type": "range", "available_langs": null, "protected": false, "type": "a"}, {"document_id": 279926, "version": 1, "locales": [{"version": 1, "lang": "ca", "title": "Ast\u00faries"}, {"version": 1, "lang": "es", "title": "Principado de Asturias"}, {"version": 1, "lang": "eu", "title": "Asturiasko Printzerria"}, {"version": 1, "lang": "fr", "title": "Asturies"}], "area_type": "admin_limits", "available_langs": null, "protected": false, "type": "a"}], "protected": false, "type": "r"}, {"document_id": 1002112, "version": 3, "locales": [{"version": 12, "lang": "es", "title": "Cueto Pampin cronos", "summary": "Bonita v\u00eda moderna", "title_prefix": "La Pe\u00f1e Fresnidiellu"}, {"version": 4, "lang": "fr", "title": "Cueto Pampin - Cronos", "summary": "Belle voie moderne.", "title_prefix": "Pe\u00f1a del Fresnidiello"}], "geometry": {"version": 7, "geom": "{\"type\": \"Point\", \"coordinates\": [-530437.3736299495, 5345050.227169728]}", "has_geom_detail": false}, "quality": "draft", "activities": ["rock_climbing"], "elevation_min": null, "elevation_max": 1477, "height_diff_up": null, "height_diff_down": null, "durations": ["1"], "calculated_duration": null, "height_diff_difficulties": 180, "orientations": ["S"], "global_rating": "TD+", "engagement_rating": "I", "risk_rating": null, "equipment_rating": "P3", "exposition_rock_rating": "E2", "rock_free_rating": "6b", "rock_required_rating": "6b", "aid_rating": null, "climbing_outdoor_type": "multi", "public_transportation_rating": null, "available_langs": ["es", "fr"], "areas": [{"document_id": 14267, "version": 13, "locales": [{"version": 1, "lang": "zh", "title": "\u897f\u73ed\u7259"}, {"version": 1, "lang": "sl", "title": "\u0160panija"}, {"version": 4, "lang": "ca", "title": "Espa\u00f1a"}, {"version": 1, "lang": "de", "title": "Spanien"}, {"version": 1, "lang": "en", "title": "Spain"}, {"version": 1, "lang": "es", "title": "Espa\u00f1a"}, {"version": 1, "lang": "eu", "title": "Espainia"}, {"version": 4, "lang": "fr", "title": "Espagne"}, {"version": 1, "lang": "it", "title": "Spagna"}], "area_type": "country", "available_langs": null, "protected": false, "type": "a"}, {"document_id": 14471, "version": 4, "locales": [{"version": 1, "lang": "en", "title": "Picos de Europa - Cordillera Cant\u00e1brica"}, {"version": 1, "lang": "es", "title": "Picos de Europa - Cordillera Cant\u00e1brica"}, {"version": 5, "lang": "fr", "title": "Picos de Europa - Cordill\u00e8re Cantabrique"}], "area_type": "range", "available_langs": null, "protected": false, "type": "a"}, {"document_id": 279926, "version": 1, "locales": [{"version": 1, "lang": "ca", "title": "Ast\u00faries"}, {"version": 1, "lang": "es", "title": "Principado de Asturias"}, {"version": 1, "lang": "eu", "title": "Asturiasko Printzerria"}, {"version": 1, "lang": "fr", "title": "Asturies"}], "area_type": "admin_limits", "available_langs": null, "protected": false, "type": "a"}], "protected": false, "type": "r"}, {"document_id": 799870, "version": 2, "locales": [{"version": 9, "lang": "es", "title": "andalucia", "summary": "Muy bonita v\u00eda, todo equipada, \"chapas algo distanciadas\" segun el topo...", "title_prefix": "La Pe\u00f1e Fresnidiellu"}, {"version": 5, "lang": "fr", "title": "Andalucia", "summary": "Tr\u00e8s jolie voie, toute \u00e9quip\u00e9e \"chapas algo distanciadas\" comme dit le topo...", "title_prefix": "Pe\u00f1a del Fresnidiello"}], "geometry": {"version": 5, "geom": "{\"type\": \"Point\", \"coordinates\": [-530009.628486576, 5345309.375793023]}", "has_geom_detail": false}, "quality": "medium", "activities": ["rock_climbing"], "elevation_min": null, "elevation_max": null, "height_diff_up": null, "height_diff_down": null, "durations": ["1"], "calculated_duration": null, "height_diff_difficulties": 200, "orientations": ["E"], "global_rating": "TD", "engagement_rating": "I", "risk_rating": null, "equipment_rating": "P1", "exposition_rock_rating": "E2", "rock_free_rating": "6b", "rock_required_rating": null, "aid_rating": null, "climbing_outdoor_type": "multi", "public_transportation_rating": null, "available_langs": ["es", "fr"], "areas": [{"document_id": 14267, "version": 13, "locales": [{"version": 1, "lang": "zh", "title": "\u897f\u73ed\u7259"}, {"version": 1, "lang": "sl", "title": "\u0160panija"}, {"version": 4, "lang": "ca", "title": "Espa\u00f1a"}, {"version": 1, "lang": "de", "title": "Spanien"}, {"version": 1, "lang": "en", "title": "Spain"}, {"version": 1, "lang": "es", "title": "Espa\u00f1a"}, {"version": 1, "lang": "eu", "title": "Espainia"}, {"version": 4, "lang": "fr", "title": "Espagne"}, {"version": 1, "lang": "it", "title": "Spagna"}], "area_type": "country", "available_langs": null, "protected": false, "type": "a"}, {"document_id": 14471, "version": 4, "locales": [{"version": 1, "lang": "en", "title": "Picos de Europa - Cordillera Cant\u00e1brica"}, {"version": 1, "lang": "es", "title": "Picos de Europa - Cordillera Cant\u00e1brica"}, {"version": 5, "lang": "fr", "title": "Picos de Europa - Cordill\u00e8re Cantabrique"}], "area_type": "range", "available_langs": null, "protected": false, "type": "a"}, {"document_id": 279926, "version": 1, "locales": [{"version": 1, "lang": "ca", "title": "Ast\u00faries"}, {"version": 1, "lang": "es", "title": "Principado de Asturias"}, {"version": 1, "lang": "eu", "title": "Asturiasko Printzerria"}, {"version": 1, "lang": "fr", "title": "Asturies"}], "area_type": "admin_limits", "available_langs": null, "protected": false, "type": "a"}], "protected": false, "type": "r"}, {"document_id": 781115, "version": 2, "locales": [{"version": 7, "lang": "es", "title": "v\u00eda los buitres", "summary": null, "title_prefix": "La Pe\u00f1e Fresnidiellu"}, {"version": 8, "lang": "fr", "title": "Via Los Buitres", "summary": null, "title_prefix": "Pe\u00f1a del Fresnidiello"}], "geometry": {"version": 7, "geom": "{\"type\": \"Point\", \"coordinates\": [-530009.628486576, 5345309.375793023]}", "has_geom_detail": false}, "quality": "medium", "activities": ["rock_climbing"], "elevation_min": null, "elevation_max": 1447, "height_diff_up": null, "height_diff_down": null, "durations": ["1"], "calculated_duration": null, "height_diff_difficulties": 300, "orientations": ["SE"], "global_rating": "TD", "engagement_rating": "I", "risk_rating": null, "equipment_rating": "P1+", "exposition_rock_rating": null, "rock_free_rating": "6a", "rock_required_rating": "5b", "aid_rating": null, "climbing_outdoor_type": "multi", "public_transportation_rating": null, "available_langs": ["es", "fr"], "areas": [{"document_id": 14267, "version": 13, "locales": [{"version": 1, "lang": "zh", "title": "\u897f\u73ed\u7259"}, {"version": 1, "lang": "sl", "title": "\u0160panija"}, {"version": 4, "lang": "ca", "title": "Espa\u00f1a"}, {"version": 1, "lang": "de", "title": "Spanien"}, {"version": 1, "lang": "en", "title": "Spain"}, {"version": 1, "lang": "es", "title": "Espa\u00f1a"}, {"version": 1, "lang": "eu", "title": "Espainia"}, {"version": 4, "lang": "fr", "title": "Espagne"}, {"version": 1, "lang": "it", "title": "Spagna"}], "area_type": "country", "available_langs": null, "protected": false, "type": "a"}, {"document_id": 14471, "version": 4, "locales": [{"version": 1, "lang": "en", "title": "Picos de Europa - Cordillera Cant\u00e1brica"}, {"version": 1, "lang": "es", "title": "Picos de Europa - Cordillera Cant\u00e1brica"}, {"version": 5, "lang": "fr", "title": "Picos de Europa - Cordill\u00e8re Cantabrique"}], "area_type": "range", "available_langs": null, "protected": false, "type": "a"}, {"document_id": 279926, "version": 1, "locales": [{"version": 1, "lang": "ca", "title": "Ast\u00faries"}, {"version": 1, "lang": "es", "title": "Principado de Asturias"}, {"version": 1, "lang": "eu", "title": "Asturiasko Printzerria"}, {"version": 1, "lang": "fr", "title": "Asturies"}], "area_type": "admin_limits", "available_langs": null, "protected": false, "type": "a"}], "protected": false, "type": "r"}, {"document_id": 367575, "version": 2, "locales": [{"version": 10, "lang": "fr", "title": "Separacion real", "summary": null, "title_prefix": "Pe\u00f1a del Fresnidiello"}, {"version": 9, "lang": "es", "title": "Separacion real", "summary": null, "title_prefix": "La Pe\u00f1e Fresnidiellu"}], "geometry": {"version": 1, "geom": "{\"type\": \"Point\", \"coordinates\": [-530009.628486576, 5345309.375793023]}", "has_geom_detail": false}, "quality": "medium", "activities": ["rock_climbing"], "elevation_min": null, "elevation_max": 1477, "height_diff_up": null, "height_diff_down": null, "durations": ["1"], "calculated_duration": null, "height_diff_difficulties": 280, "orientations": ["E"], "global_rating": "TD", "engagement_rating": "II", "risk_rating": null, "equipment_rating": "P2", "exposition_rock_rating": null, "rock_free_rating": "6a+", "rock_required_rating": "5c", "aid_rating": null, "climbing_outdoor_type": "multi", "public_transportation_rating": null, "available_langs": ["fr", "es"], "areas": [{"document_id": 14267, "version": 13, "locales": [{"version": 1, "lang": "zh", "title": "\u897f\u73ed\u7259"}, {"version": 1, "lang": "sl", "title": "\u0160panija"}, {"version": 4, "lang": "ca", "title": "Espa\u00f1a"}, {"version": 1, "lang": "de", "title": "Spanien"}, {"version": 1, "lang": "en", "title": "Spain"}, {"version": 1, "lang": "es", "title": "Espa\u00f1a"}, {"version": 1, "lang": "eu", "title": "Espainia"}, {"version": 4, "lang": "fr", "title": "Espagne"}, {"version": 1, "lang": "it", "title": "Spagna"}], "area_type": "country", "available_langs": null, "protected": false, "type": "a"}, {"document_id": 14471, "version": 4, "locales": [{"version": 1, "lang": "en", "title": "Picos de Europa - Cordillera Cant\u00e1brica"}, {"version": 1, "lang": "es", "title": "Picos de Europa - Cordillera Cant\u00e1brica"}, {"version": 5, "lang": "fr", "title": "Picos de Europa - Cordill\u00e8re Cantabrique"}], "area_type": "range", "available_langs": null, "protected": false, "type": "a"}, {"document_id": 279926, "version": 1, "locales": [{"version": 1, "lang": "ca", "title": "Ast\u00faries"}, {"version": 1, "lang": "es", "title": "Principado de Asturias"}, {"version": 1, "lang": "eu", "title": "Asturiasko Printzerria"}, {"version": 1, "lang": "fr", "title": "Asturies"}], "area_type": "admin_limits", "available_langs": null, "protected": false, "type": "a"}], "protected": false, "type": "r"}, {"document_id": 233404, "version": 2, "locales": [{"version": 9, "lang": "es", "title": "Los Ojales", "summary": null, "title_prefix": "La Pe\u00f1e Fresnidiellu"}, {"version": 8, "lang": "fr", "title": "Los Ojales", "summary": null, "title_prefix": "Pe\u00f1a del Fresnidiello"}], "geometry": {"version": 3, "geom": "{\"type\": \"Point\", \"coordinates\": [-530009.628486576, 5345309.375793023]}", "has_geom_detail": false}, "quality": "medium", "activities": ["rock_climbing"], "elevation_min": 1077, "elevation_max": 1477, "height_diff_up": 400, "height_diff_down": null, "durations": ["1"], "calculated_duration": null, "height_diff_difficulties": 300, "orientations": ["E"], "global_rating": "D+", "engagement_rating": "II", "risk_rating": null, "equipment_rating": "P2", "exposition_rock_rating": null, "rock_free_rating": "6a", "rock_required_rating": "6a", "aid_rating": null, "climbing_outdoor_type": "multi", "public_transportation_rating": null, "available_langs": ["es", "fr"], "areas": [{"document_id": 14267, "version": 13, "locales": [{"version": 1, "lang": "zh", "title": "\u897f\u73ed\u7259"}, {"version": 1, "lang": "sl", "title": "\u0160panija"}, {"version": 4, "lang": "ca", "title": "Espa\u00f1a"}, {"version": 1, "lang": "de", "title": "Spanien"}, {"version": 1, "lang": "en", "title": "Spain"}, {"version": 1, "lang": "es", "title": "Espa\u00f1a"}, {"version": 1, "lang": "eu", "title": "Espainia"}, {"version": 4, "lang": "fr", "title": "Espagne"}, {"version": 1, "lang": "it", "title": "Spagna"}], "area_type": "country", "available_langs": null, "protected": false, "type": "a"}, {"document_id": 14471, "version": 4, "locales": [{"version": 1, "lang": "en", "title": "Picos de Europa - Cordillera Cant\u00e1brica"}, {"version": 1, "lang": "es", "title": "Picos de Europa - Cordillera Cant\u00e1brica"}, {"version": 5, "lang": "fr", "title": "Picos de Europa - Cordill\u00e8re Cantabrique"}], "area_type": "range", "available_langs": null, "protected": false, "type": "a"}, {"document_id": 279926, "version": 1, "locales": [{"version": 1, "lang": "ca", "title": "Ast\u00faries"}, {"version": 1, "lang": "es", "title": "Principado de Asturias"}, {"version": 1, "lang": "eu", "title": "Asturiasko Printzerria"}, {"version": 1, "lang": "fr", "title": "Asturies"}], "area_type": "admin_limits", "available_langs": null, "protected": false, "type": "a"}], "protected": false, "type": "r"}], "total": 13}